{"id":363,"date":"2015-01-27T21:26:56","date_gmt":"2015-01-27T19:26:56","guid":{"rendered":"http:\/\/www.suria.at\/?p=363"},"modified":"2023-01-23T20:12:01","modified_gmt":"2023-01-23T18:12:01","slug":"roter-faden","status":"publish","type":"post","link":"https:\/\/www.suria.at\/?p=363","title":{"rendered":"Roter Faden"},"content":{"rendered":"<p><img loading=\"lazy\" decoding=\"async\" class=\"size-full wp-image-364 alignleft\" src=\"http:\/\/www.suria.at\/wp-content\/uploads\/2015\/01\/roter-faden.jpg\" alt=\"roter faden\" width=\"283\" height=\"261\" srcset=\"https:\/\/www.suria.at\/wp-content\/uploads\/2015\/01\/roter-faden.jpg 283w, https:\/\/www.suria.at\/wp-content\/uploads\/2015\/01\/roter-faden-210x194.jpg 210w\" sizes=\"auto, (max-width: 283px) 100vw, 283px\" \/>Schon seit einigen Jahren halte ich eine allj\u00e4hrliche R\u00fcckschau.<\/p>\n<p>Was bleibt, wenn ich mich hinsetze und den Lauf des letzten Jahres \u00fcberdenke?<br \/>\nDie vielen kleinen Dinge des Alltags treten in den Hintergrund, die gro\u00dfen Ereignisse, die vielleicht pr\u00e4gend bis ins Heute und in die Zukunft sind, stehen im Vordergrund. Die gro\u00dfen Freuden, die tiefen Einschnitte und manche Perlen, die mir unverhofft vor die F\u00fc\u00dfe gekullert sind\u2026<\/p>\n<p>Der rote Faden wird sichtbar, wenn diese Chroniken, die Jahr f\u00fcr Jahr verfasst werden, aufgef\u00e4delt vor mir liegen.<br \/>\nMein roter Faden.<br \/>\nAber auch die Vers\u00e4umnisse, die immer wiederkehrenden W\u00fcnsche und Hoffnungen, die mich vielleicht genauso ausmachen, obwohl ich sie nicht oder nicht in dem gew\u00fcnschten Ausma\u00df gelebt habe.<\/p>\n<p>Was tiefer wird, kommt zutage und was in den Hintergrund tritt, wird ebenfalls ersichtlich. Manche Wertigkeit verschiebt sich, und ich bin selbst erstaunt, was in einem Jahr alles platz hat. Die F\u00fclle des Lebens!<br \/>\nEin anderes Bild klingt an: in der Bl\u00fcte des Lebens\u2026<br \/>\nWann ist das? Ich denke&nbsp;eigentlich nie daran, dass diese Metapher auch f\u00fcr mich gelten k\u00f6nnte, so, als k\u00e4me diese Zeit erst. Nur in meiner Sehnsucht nach innerer Ruhe, nach Seelenzeit und einer Art Treue mir selbst gegen\u00fcber empfinde ich, dies bin ich mir schuldig, mehr noch, das steht mir sogar zu.<\/p>\n<p>So reihe ich wieder eine Chronik ein und verbinde sie mit W\u00fcnschen, die mir einen Weg ausleuchten sollen durch dieses begonnene Jahr, damit der rote Faden in die Breite geht, und noch mehr an Wirklichkeit in Form von Lebensfreude, Lebenslust und gelebter Zeit gewinnt.<\/p>\n","protected":false},"excerpt":{"rendered":"<p>Schon seit einigen Jahren halte ich eine allj\u00e4hrliche R\u00fcckschau. Was bleibt, wenn ich mich hinsetze und den Lauf des letzten Jahres \u00fcberdenke? Die vielen kleinen Dinge des Alltags treten in den Hintergrund, die gro\u00dfen Ereignisse, die vielleicht pr\u00e4gend bis ins Heute und in die Zukunft sind, stehen im Vordergrund. Die gro\u00dfen Freuden, die tiefen Einschnitte [&hellip;]<\/p>\n","protected":false},"author":2,"featured_media":364,"comment_status":"closed","ping_status":"closed","sticky":false,"template":"","format":"standard","meta":{"footnotes":""},"categories":[1,7,6],"tags":[],"class_list":["post-363","post","type-post","status-publish","format-standard","has-post-thumbnail","hentry","category-allgemein","category-kurzbuendig","category-schmoekerecke"],"_links":{"self":[{"href":"https:\/\/www.suria.at\/index.php?rest_route=\/wp\/v2\/posts\/363","targetHints":{"allow":["GET"]}}],"collection":[{"href":"https:\/\/www.suria.at\/index.php?rest_route=\/wp\/v2\/posts"}],"about":[{"href":"https:\/\/www.suria.at\/index.php?rest_route=\/wp\/v2\/types\/post"}],"author":[{"embeddable":true,"href":"https:\/\/www.suria.at\/index.php?rest_route=\/wp\/v2\/users\/2"}],"replies":[{"embeddable":true,"href":"https:\/\/www.suria.at\/index.php?rest_route=%2Fwp%2Fv2%2Fcomments&post=363"}],"version-history":[{"count":2,"href":"https:\/\/www.suria.at\/index.php?rest_route=\/wp\/v2\/posts\/363\/revisions"}],"predecessor-version":[{"id":1678,"href":"https:\/\/www.suria.at\/index.php?rest_route=\/wp\/v2\/posts\/363\/revisions\/1678"}],"wp:featuredmedia":[{"embeddable":true,"href":"https:\/\/www.suria.at\/index.php?rest_route=\/wp\/v2\/media\/364"}],"wp:attachment":[{"href":"https:\/\/www.suria.at\/index.php?rest_route=%2Fwp%2Fv2%2Fmedia&parent=363"}],"wp:term":[{"taxonomy":"category","embeddable":true,"href":"https:\/\/www.suria.at\/index.php?rest_route=%2Fwp%2Fv2%2Fcategories&post=363"},{"taxonomy":"post_tag","embeddable":true,"href":"https:\/\/www.suria.at\/index.php?rest_route=%2Fwp%2Fv2%2Ftags&post=363"}],"curies":[{"name":"wp","href":"https:\/\/api.w.org\/{rel}","templated":true}]}}